{"id":82,"date":"2019-09-29T18:22:24","date_gmt":"2019-09-29T16:22:24","guid":{"rendered":"https:\/\/wuefolk.de\/wps\/2019\/09\/29\/peter-braukmann-am-ende-der-nacht\/"},"modified":"2025-07-30T17:12:12","modified_gmt":"2025-07-30T15:12:12","slug":"peter-braukmann-am-ende-der-nacht","status":"publish","type":"post","link":"https:\/\/wuefolk.de\/wps\/2019\/09\/29\/peter-braukmann-am-ende-der-nacht\/","title":{"rendered":"Peter Braukmann: Am Ende der Nacht"},"content":{"rendered":"<p style=\"margin: 0px 5px 0px 0px;\"><span style=\"font-family: 'Arial',sans-serif;\">50 Jahre steht Peter Braukmann nun auf oder hinter den B\u00fchnen dieser Welt. In den 70er Jahre hat er sich mit dem legend\u00e4ren Schnappsack Duo einen Namen gemacht. Und so feiert er sein Jubil\u00e4um auch mit einer CD plus Taschenbuch. Daraus singt und liest er in dem aktuellen Programm &#8222;Am Ende der Nacht&#8220;. Er hat manche seiner bekannteren songs wie &#8222;Das Rabenlied&#8220; oder &#8222;Wird mir ein Vergn\u00fcgen sein&#8220; durch \u00fcberarbeitete Texte der Gegenwart angepasst und pr\u00e4sentiert nach 38 Jahren wieder seinen 1981 fast prophetischen Song &#8222;Desperados&#8220;. Und nat\u00fcrlich darf auch wieder mitgesungen, mitgelacht und mitgedacht werden.<\/span><\/p>\n<p style=\"margin: 0px 5px 0px 0px;\">\u00a0<\/p>\n<p style=\"margin: 0px 5px 0px 0px;\"><span style=\"font-family: 'Arial',sans-serif;\">Samstag, 16.11.2019, 19.30 Uhr im Bacchuskeller Veitsh\u00f6chheim, Bahnhofstr. 12, 97209 Veitsh\u00f6chheim.<\/span><\/p>\n<p style=\"margin: 0px 5px 0px 0px;\"><span style=\"font-family: 'Arial',sans-serif;\">Eintritt: 10 \u20ac \/ 8 \u20ac erm\u00e4\u00dfigt, z.B. f\u00fcr Mitglieder des Folkclubs.<\/span><\/p>\n<p style=\"margin: 0px 5px 0px 0px;\"><span style=\"font-family: 'Arial',sans-serif;\">Karten k\u00f6nnen \u00fcber das Kontaktformular bestellt werden.<\/span><\/p>\n<p>\u00a0<\/p>\n","protected":false},"excerpt":{"rendered":"<p>50 Jahre steht Peter Braukmann nun auf oder hinter den B\u00fchnen dieser Welt. In den 70er Jahre hat er sich mit dem legend\u00e4ren Schnappsack Duo einen Namen gemacht. Und so [&hellip;]<\/p>\n","protected":false},"author":2,"featured_media":81,"comment_status":"open","ping_status":"open","sticky":false,"template":"","format":"standard","meta":{"_price":"","_stock":"","_tribe_ticket_header":"","_tribe_default_ticket_provider":"","_tribe_ticket_capacity":"0","_ticket_start_date":"","_ticket_end_date":"","_tribe_ticket_show_description":"","_tribe_ticket_show_not_going":false,"_tribe_ticket_use_global_stock":"","_tribe_ticket_global_stock_level":"","_global_stock_mode":"","_global_stock_cap":"","_tribe_rsvp_for_event":"","_tribe_ticket_going_count":"","_tribe_ticket_not_going_count":"","_tribe_tickets_list":"[]","_tribe_ticket_has_attendee_info_fields":false,"footnotes":""},"categories":[1],"tags":[],"class_list":["post-82","post","type-post","status-publish","format-standard","has-post-thumbnail","hentry","category-allgemein"],"_links":{"self":[{"href":"https:\/\/wuefolk.de\/wps\/wp-json\/wp\/v2\/posts\/82","targetHints":{"allow":["GET"]}}],"collection":[{"href":"https:\/\/wuefolk.de\/wps\/wp-json\/wp\/v2\/posts"}],"about":[{"href":"https:\/\/wuefolk.de\/wps\/wp-json\/wp\/v2\/types\/post"}],"author":[{"embeddable":true,"href":"https:\/\/wuefolk.de\/wps\/wp-json\/wp\/v2\/users\/2"}],"replies":[{"embeddable":true,"href":"https:\/\/wuefolk.de\/wps\/wp-json\/wp\/v2\/comments?post=82"}],"version-history":[{"count":1,"href":"https:\/\/wuefolk.de\/wps\/wp-json\/wp\/v2\/posts\/82\/revisions"}],"predecessor-version":[{"id":833,"href":"https:\/\/wuefolk.de\/wps\/wp-json\/wp\/v2\/posts\/82\/revisions\/833"}],"wp:featuredmedia":[{"embeddable":true,"href":"https:\/\/wuefolk.de\/wps\/wp-json\/wp\/v2\/media\/81"}],"wp:attachment":[{"href":"https:\/\/wuefolk.de\/wps\/wp-json\/wp\/v2\/media?parent=82"}],"wp:term":[{"taxonomy":"category","embeddable":true,"href":"https:\/\/wuefolk.de\/wps\/wp-json\/wp\/v2\/categories?post=82"},{"taxonomy":"post_tag","embeddable":true,"href":"https:\/\/wuefolk.de\/wps\/wp-json\/wp\/v2\/tags?post=82"}],"curies":[{"name":"wp","href":"https:\/\/api.w.org\/{rel}","templated":true}]}}