{"id":711,"date":"2025-07-31T17:00:07","date_gmt":"2025-07-31T15:00:07","guid":{"rendered":"https:\/\/wuefolk.de\/wps\/?p=711"},"modified":"2025-08-27T09:44:24","modified_gmt":"2025-08-27T07:44:24","slug":"wurzburger-kathreintanz","status":"publish","type":"post","link":"https:\/\/wuefolk.de\/wps\/2025\/07\/31\/wurzburger-kathreintanz\/","title":{"rendered":"8.11., 19:30h: W\u00fcrzburger Kathreintanz"},"content":{"rendered":"<p><img loading=\"lazy\" decoding=\"async\" class=\"size-large wp-image-1026 aligncenter\" src=\"https:\/\/wuefolk.de\/wps\/wp-content\/uploads\/2025\/08\/20191026_185322-1030x773.jpg\" alt=\"\" width=\"1030\" height=\"773\" \/><\/p>\n<p>&nbsp;<\/p>\n<p>Mit dem Herbst kommt auch der traditionelle Kathreintanz:<\/p>\n<p>Neben lokalen T\u00e4nzen aus Franken stehen T\u00e4nze aus verschiedenen deutschen Regionen auf dem Programm. Au\u00dferdem unternehmen wir kleine Ausfl\u00fcge in west-, ost- und nordeurop\u00e4ische L\u00e4nder. Die T\u00e4nze werden kurz erkl\u00e4rt, bzw. gezeigt.<\/p>\n<p>Unsere Musikerinnen und Musiker kommen aus ganz Deutschland: Unter der bew\u00e4hrten Leitung von Klaus Gauler spielt die \u201eW\u00fcrzburger Volkstanzmusik\u201c f\u00fcr uns.<\/p>\n<p>Das Programm und weitere Informationen findet ihr <a href=\"https:\/\/wuefolk.de\/wps\/wp-content\/uploads\/2025\/08\/EinladungKathreintanz2025.pdf\">hier<\/a>.<\/p>\n<p>Wann: Samstag, 08. November 2025, 19:30<br \/>\nWo: Jahn-Turnhalle H\u00f6chberg<br \/>\nJahnstr. 2<br \/>\n97204 H\u00f6chberg<\/p>\n","protected":false},"excerpt":{"rendered":"<p>&nbsp; Mit dem Herbst kommt auch der traditionelle Kathreintanz: Neben lokalen T\u00e4nzen aus Franken stehen T\u00e4nze aus verschiedenen deutschen Regionen auf dem Programm. Au\u00dferdem unternehmen wir kleine Ausfl\u00fcge in west-, [&hellip;]<\/p>\n","protected":false},"author":1,"featured_media":0,"comment_status":"closed","ping_status":"closed","sticky":false,"template":"","format":"standard","meta":{"_price":"","_stock":"","_tribe_ticket_header":"","_tribe_default_ticket_provider":"","_tribe_ticket_capacity":"0","_ticket_start_date":"","_ticket_end_date":"","_tribe_ticket_show_description":"","_tribe_ticket_show_not_going":false,"_tribe_ticket_use_global_stock":"","_tribe_ticket_global_stock_level":"","_global_stock_mode":"","_global_stock_cap":"","_tribe_rsvp_for_event":"","_tribe_ticket_going_count":"","_tribe_ticket_not_going_count":"","_tribe_tickets_list":"[]","_tribe_ticket_has_attendee_info_fields":false,"footnotes":""},"categories":[1],"tags":[],"class_list":["post-711","post","type-post","status-publish","format-standard","hentry","category-allgemein"],"_links":{"self":[{"href":"https:\/\/wuefolk.de\/wps\/wp-json\/wp\/v2\/posts\/711","targetHints":{"allow":["GET"]}}],"collection":[{"href":"https:\/\/wuefolk.de\/wps\/wp-json\/wp\/v2\/posts"}],"about":[{"href":"https:\/\/wuefolk.de\/wps\/wp-json\/wp\/v2\/types\/post"}],"author":[{"embeddable":true,"href":"https:\/\/wuefolk.de\/wps\/wp-json\/wp\/v2\/users\/1"}],"replies":[{"embeddable":true,"href":"https:\/\/wuefolk.de\/wps\/wp-json\/wp\/v2\/comments?post=711"}],"version-history":[{"count":9,"href":"https:\/\/wuefolk.de\/wps\/wp-json\/wp\/v2\/posts\/711\/revisions"}],"predecessor-version":[{"id":1047,"href":"https:\/\/wuefolk.de\/wps\/wp-json\/wp\/v2\/posts\/711\/revisions\/1047"}],"wp:attachment":[{"href":"https:\/\/wuefolk.de\/wps\/wp-json\/wp\/v2\/media?parent=711"}],"wp:term":[{"taxonomy":"category","embeddable":true,"href":"https:\/\/wuefolk.de\/wps\/wp-json\/wp\/v2\/categories?post=711"},{"taxonomy":"post_tag","embeddable":true,"href":"https:\/\/wuefolk.de\/wps\/wp-json\/wp\/v2\/tags?post=711"}],"curies":[{"name":"wp","href":"https:\/\/api.w.org\/{rel}","templated":true}]}}