{"id":4657,"date":"2026-03-13T16:51:27","date_gmt":"2026-03-13T15:51:27","guid":{"rendered":"https:\/\/wuefolk.de\/wps\/?p=4657"},"modified":"2026-03-16T15:59:39","modified_gmt":"2026-03-16T14:59:39","slug":"einsteiger-tanzkurs-fuer-traditionelle-taenze-aus-westeuropa","status":"publish","type":"post","link":"https:\/\/wuefolk.de\/wps\/2026\/03\/13\/einsteiger-tanzkurs-fuer-traditionelle-taenze-aus-westeuropa\/","title":{"rendered":"Einsteiger-Tanzkurs f\u00fcr traditionelle Bal Folk T\u00e4nze"},"content":{"rendered":"<div class=\"wp-block-image\">\n<div class=\"wp-block-image\"><\/div>\n<\/div>\n<p>Nicht nur schnell beim BalFolk die Schritte aufschnappen, sondern in aller Ruhe ausprobieren, wie es geht?<\/p>\n<p>Wir konnten im Quartiersmanagement Lindleinsm\u00fchle einen Raum finden f\u00fcr einen Tanzkurs &#8222;Bal Folk &#8211; Grundrepertoire&#8220;.<\/p>\n<p>Auf dem Programm stehen die beliebtesten Kreis- und Partnerwechselt\u00e4nze, bretonische Ketten und die Paart\u00e4nze Schottisch und Mazurka &#8211; je nachdem, wie weit wir kommen und was gew\u00fcnscht wird. Auch eigene W\u00fcnsche k\u00f6nnen eingebracht werden: &#8222;Ich wollte doch schon immer mal diesen &#8230; lernen!&#8220; Die Teilnahme ist auch ohne eigenen Partner m\u00f6glich, es sind zumeist Gemeinschaftst\u00e4nze, mit viel Kommunikation, Spa\u00df und ohne Kleidervorschriften, ganz zwanglos, in der Tradition des franz\u00f6sischen &#8222;Bal Folk&#8220;.<\/p>\n<p>Bitte meldet euch f\u00fcr diesen Tanzkurs an: ihr geht auf das Kontaktformular und schreibt uns eine Nachricht.<\/p>\n<p>Vorl\u00e4ufig ist es nur dieser eine Termin. Bei Bedarf k\u00f6nnen wir im Herbst eine Fortsetzung planen.<\/p>\n<p>Kosten: eine Spende, nach Selbsteinsch\u00e4tzung.<\/p>\n<p>Wann: 12. April 2026 ab 18 Uhr<\/p>\n<p>Wo: im Quartiersraum Lindleinsm\u00fchle, Schwabenstra\u00dfe 6, 97078 W\u00fcrzburg (hinter der Tankstelle Kemmer).<\/p>\n<p>Leitung: Ange Hauck mit Live-Musik von Christel West.<\/p>\n<p>Einen Imbiss und Getr\u00e4nke bitte selbst mitbringen.<\/p>\n","protected":false},"excerpt":{"rendered":"<p>Nicht nur schnell beim BalFolk die Schritte aufschnappen, sondern in aller Ruhe ausprobieren, wie es geht? Wir konnten im Quartiersmanagement Lindleinsm\u00fchle einen Raum finden f\u00fcr einen Tanzkurs &#8222;Bal Folk &#8211; [&hellip;]<\/p>\n","protected":false},"author":2,"featured_media":4660,"comment_status":"closed","ping_status":"closed","sticky":false,"template":"","format":"standard","meta":{"_price":"","_stock":"","_tribe_ticket_header":"","_tribe_default_ticket_provider":"","_tribe_ticket_capacity":"","_ticket_start_date":"","_ticket_end_date":"","_tribe_ticket_show_description":"","_tribe_ticket_show_not_going":false,"_tribe_ticket_use_global_stock":"","_tribe_ticket_global_stock_level":"","_global_stock_mode":"","_global_stock_cap":"","_tribe_rsvp_for_event":"","_tribe_ticket_going_count":"","_tribe_ticket_not_going_count":"","_tribe_tickets_list":"[]","_tribe_ticket_has_attendee_info_fields":false,"footnotes":""},"categories":[1],"tags":[],"class_list":["post-4657","post","type-post","status-publish","format-standard","has-post-thumbnail","hentry","category-allgemein"],"_links":{"self":[{"href":"https:\/\/wuefolk.de\/wps\/wp-json\/wp\/v2\/posts\/4657","targetHints":{"allow":["GET"]}}],"collection":[{"href":"https:\/\/wuefolk.de\/wps\/wp-json\/wp\/v2\/posts"}],"about":[{"href":"https:\/\/wuefolk.de\/wps\/wp-json\/wp\/v2\/types\/post"}],"author":[{"embeddable":true,"href":"https:\/\/wuefolk.de\/wps\/wp-json\/wp\/v2\/users\/2"}],"replies":[{"embeddable":true,"href":"https:\/\/wuefolk.de\/wps\/wp-json\/wp\/v2\/comments?post=4657"}],"version-history":[{"count":6,"href":"https:\/\/wuefolk.de\/wps\/wp-json\/wp\/v2\/posts\/4657\/revisions"}],"predecessor-version":[{"id":4679,"href":"https:\/\/wuefolk.de\/wps\/wp-json\/wp\/v2\/posts\/4657\/revisions\/4679"}],"wp:featuredmedia":[{"embeddable":true,"href":"https:\/\/wuefolk.de\/wps\/wp-json\/wp\/v2\/media\/4660"}],"wp:attachment":[{"href":"https:\/\/wuefolk.de\/wps\/wp-json\/wp\/v2\/media?parent=4657"}],"wp:term":[{"taxonomy":"category","embeddable":true,"href":"https:\/\/wuefolk.de\/wps\/wp-json\/wp\/v2\/categories?post=4657"},{"taxonomy":"post_tag","embeddable":true,"href":"https:\/\/wuefolk.de\/wps\/wp-json\/wp\/v2\/tags?post=4657"}],"curies":[{"name":"wp","href":"https:\/\/api.w.org\/{rel}","templated":true}]}}